{"id":5290,"date":"2017-01-31T21:42:06","date_gmt":"2017-01-31T20:42:06","guid":{"rendered":"https:\/\/www.idiliospain.com\/es\/?p=5290"},"modified":"2017-02-09T19:53:48","modified_gmt":"2017-02-09T18:53:48","slug":"el-campo-en-primavera","status":"publish","type":"post","link":"https:\/\/www.idiliospain.com\/es\/el-campo-en-primavera\/","title":{"rendered":"Espa\u00f1a en Primavera: el campo exuberante"},"content":{"rendered":"<p><strong>Paisajes verdes en Espa\u00f1a en Primavera:<\/strong><\/p>\n<p>En gran parte del pa\u00eds, las llanuras y las colinas en verano est\u00e1n secas y amarillas, mientras que el campo en Primavera presentan un aspecto mucho m\u00e1s verde. Esto es el caso en particular de las zonas de Espa\u00f1a donde m\u00e1s llueve desde oto\u00f1o hasta primavera, que se convierten en unos oc\u00e9anos de hierba y flores en los que es delicioso realizar excursiones a pie, en bici o a caballo (m\u00e1s sobre estos \u00faltimos temas en otros cap\u00edtulos).<\/p>\n<p>Les ense\u00f1o un mapa en el que se registra la media de precipitaciones anuales en las diferentes regiones de la Pen\u00ednsula Ib\u00e9rica:<\/p>\n<p><img fetchpriority=\"high\" decoding=\"async\" class=\"wp-image-5271 aligncenter\" src=\"https:\/\/www.idiliospain.com\/wp-content\/uploads\/2017\/01\/lluviasenespa\u00f1a-1-277x231.png\" alt=\"lluviasenespa\u00f1a\" width=\"492\" height=\"410\" srcset=\"https:\/\/www.idiliospain.com\/wp-content\/uploads\/2017\/01\/lluviasenespa\u00f1a-1-277x231.png 277w, https:\/\/www.idiliospain.com\/wp-content\/uploads\/2017\/01\/lluviasenespa\u00f1a-1-1024x855.png 1024w, https:\/\/www.idiliospain.com\/wp-content\/uploads\/2017\/01\/lluviasenespa\u00f1a-1.png 1187w\" sizes=\"(max-width: 492px) 100vw, 492px\" \/><\/p>\n<p>No les sorprender\u00e1 ver que la coste del norte del pa\u00eds recibe una gran cantidad de lluvia a lo largo del a\u00f1o. Pero hay otras zonas bastante h\u00famedas y menos conocidas, como las laderas al sur de la Sierra de Gredos (al oeste de Madrid), la Sierra de Grazalema (cerca de Ronda), y la Sierra de Tramuntana en Mallorca.<\/p>\n<p>Ya que la costa del norte y los Pirineos tienen un clima m\u00e1s fresco y siguen estando verdes en verano, aqu\u00ed me centrar\u00e9 en las zonas que son especialmente atractivas para actividades al aire libre en Primavera, antes de que los campos verdes y las flores se sequen al sol y el calor de verano.<\/p>\n<p>&nbsp;<\/p>\n<p style=\"text-align: left;\"><strong>Casas para disfrutar de actividades al exterior en la exuberante naturaleza de Primavera. Sierra de Gredos, Extremadura:<\/strong><\/p>\n<blockquote class=\"wp-embedded-content\" data-secret=\"yZTO6yTwLU\"><p><a href=\"https:\/\/www.idiliospain.com\/es\/casas\/romantica-casa-en-plena-naturaleza-cerca-de-madrid\/\">Rom\u00e1ntica casa en plena naturaleza en Sierra de Gredos<\/a><\/p><\/blockquote>\n<p><iframe title=\"\u00abRom\u00e1ntica casa en plena naturaleza en Sierra de Gredos\u00bb \u2014 Idilio Spain\" class=\"wp-embedded-content\" sandbox=\"allow-scripts\" security=\"restricted\" style=\"position: absolute; clip: rect(1px, 1px, 1px, 1px);\" src=\"https:\/\/www.idiliospain.com\/es\/casas\/romantica-casa-en-plena-naturaleza-cerca-de-madrid\/embed\/#?secret=yZTO6yTwLU\" data-secret=\"yZTO6yTwLU\" width=\"600\" height=\"338\" frameborder=\"0\" marginwidth=\"0\" marginheight=\"0\" scrolling=\"no\"><\/iframe><\/p>\n<p>https:\/\/www.idiliospain.com\/es\/casas\/espectacular-casa-vacacional-en-gredos\/<\/p>\n<p>https:\/\/www.idiliospain.com\/es\/casas\/casa-vacacional-de-lujo-cerca-de-madrid-2\/<\/p>\n<p><strong>Casas para disfrutar de actividades al exterior en la exuberante naturaleza de Primavera. Sierra de Grazalema, Andaluc\u00eda:<\/strong><\/p>\n<blockquote class=\"wp-embedded-content\" data-secret=\"Vvi3BiRebx\"><p><a href=\"https:\/\/www.idiliospain.com\/es\/casas\/casa-de-campo-en-ronda\/\">Precioso cortijo renovado en espectacular paisaje a 5 min. de Ronda<\/a><\/p><\/blockquote>\n<p><iframe title=\"\u00abPrecioso cortijo renovado en espectacular paisaje a 5 min. de Ronda\u00bb \u2014 Idilio Spain\" class=\"wp-embedded-content\" sandbox=\"allow-scripts\" security=\"restricted\" style=\"position: absolute; clip: rect(1px, 1px, 1px, 1px);\" src=\"https:\/\/www.idiliospain.com\/es\/casas\/casa-de-campo-en-ronda\/embed\/#?secret=Vvi3BiRebx\" data-secret=\"Vvi3BiRebx\" width=\"600\" height=\"338\" frameborder=\"0\" marginwidth=\"0\" marginheight=\"0\" scrolling=\"no\"><\/iframe><\/p>\n<p>&nbsp;<\/p>\n<p><strong>Casas para disfrutar de actividades al exterior en la exuberante naturaleza de Primavera. Sierra de Tramuntana, Mallorca:<\/strong><\/p>\n<blockquote class=\"wp-embedded-content\" data-secret=\"8vZS4DdYf2\"><p><a href=\"https:\/\/www.idiliospain.com\/es\/casas\/elegante-casa-vacacional-en-valldemossa-cartoixa\/\">Preciosa casa hist\u00f3rica con jard\u00edn privado en la Cartuja de Valldemossa<\/a><\/p><\/blockquote>\n<p><iframe title=\"\u00abPreciosa casa hist\u00f3rica con jard\u00edn privado en la Cartuja de Valldemossa\u00bb \u2014 Idilio Spain\" class=\"wp-embedded-content\" sandbox=\"allow-scripts\" security=\"restricted\" style=\"position: absolute; clip: rect(1px, 1px, 1px, 1px);\" src=\"https:\/\/www.idiliospain.com\/es\/casas\/elegante-casa-vacacional-en-valldemossa-cartoixa\/embed\/#?secret=8vZS4DdYf2\" data-secret=\"8vZS4DdYf2\" width=\"600\" height=\"338\" frameborder=\"0\" marginwidth=\"0\" marginheight=\"0\" scrolling=\"no\"><\/iframe><\/p>\n<blockquote class=\"wp-embedded-content\" data-secret=\"WSXSdBHiW7\"><p><a href=\"https:\/\/www.idiliospain.com\/es\/casas\/casa-vacacional-con-piscina-en-valldemossa\/\">Elegante casa de pueblo con piscina en Valldemossa, Mallorca<\/a><\/p><\/blockquote>\n<p><iframe title=\"\u00abElegante casa de pueblo con piscina en Valldemossa, Mallorca\u00bb \u2014 Idilio Spain\" class=\"wp-embedded-content\" sandbox=\"allow-scripts\" security=\"restricted\" style=\"position: absolute; clip: rect(1px, 1px, 1px, 1px);\" src=\"https:\/\/www.idiliospain.com\/es\/casas\/casa-vacacional-con-piscina-en-valldemossa\/embed\/#?secret=WSXSdBHiW7\" data-secret=\"WSXSdBHiW7\" width=\"600\" height=\"338\" frameborder=\"0\" marginwidth=\"0\" marginheight=\"0\" scrolling=\"no\"><\/iframe><\/p>\n<p>&nbsp;<\/p>\n<p>En el interior del pa\u00eds existen muchas otras zonas en las que el campo est\u00e1 agostado en verano, pero en Primavera se llena de flores.<\/p>\n<p>&nbsp;<\/p>\n<p><strong>Casas del interior de Espa\u00f1a para disfrutar de actividades al exterior en Primavera. :<\/strong><\/p>\n<blockquote class=\"wp-embedded-content\" data-secret=\"oJfR5t3X4p\"><p><a href=\"https:\/\/www.idiliospain.com\/es\/casas\/gran-casa-vacacional-cerca-de-madrid\/\">Precioso cortijo en gran olivar con piscina y vistas a 2 horas de Madrid<\/a><\/p><\/blockquote>\n<p><iframe title=\"\u00abPrecioso cortijo en gran olivar con piscina y vistas a 2 horas de Madrid\u00bb \u2014 Idilio Spain\" class=\"wp-embedded-content\" sandbox=\"allow-scripts\" security=\"restricted\" style=\"position: absolute; clip: rect(1px, 1px, 1px, 1px);\" src=\"https:\/\/www.idiliospain.com\/es\/casas\/gran-casa-vacacional-cerca-de-madrid\/embed\/#?secret=oJfR5t3X4p\" data-secret=\"oJfR5t3X4p\" width=\"600\" height=\"338\" frameborder=\"0\" marginwidth=\"0\" marginheight=\"0\" scrolling=\"no\"><\/iframe><\/p>\n<blockquote class=\"wp-embedded-content\" data-secret=\"tjsF6IWF0l\"><p><a href=\"https:\/\/www.idiliospain.com\/es\/casas\/casa-vacacional-grande-cerca-de-madrid\/\">Finca se\u00f1orial cerca de Ribera del Duero<\/a><\/p><\/blockquote>\n<p><iframe title=\"\u00abFinca se\u00f1orial cerca de Ribera del Duero\u00bb \u2014 Idilio Spain\" class=\"wp-embedded-content\" sandbox=\"allow-scripts\" security=\"restricted\" style=\"position: absolute; clip: rect(1px, 1px, 1px, 1px);\" src=\"https:\/\/www.idiliospain.com\/es\/casas\/casa-vacacional-grande-cerca-de-madrid\/embed\/#?secret=tjsF6IWF0l\" data-secret=\"tjsF6IWF0l\" width=\"600\" height=\"338\" frameborder=\"0\" marginwidth=\"0\" marginheight=\"0\" scrolling=\"no\"><\/iframe><\/p>\n","protected":false},"excerpt":{"rendered":"<p>Paisajes verdes en Espa\u00f1a en Primavera: En gran parte del pa\u00eds, las llanuras y las colinas en verano est\u00e1n secas y amarillas, mientras que el campo en Primavera presentan un aspecto mucho m\u00e1s verde. Esto es el caso en particular de las zonas de Espa\u00f1a donde m\u00e1s llueve desde oto\u00f1o hasta primavera, que se convierten [&hellip;]<\/p>\n","protected":false},"author":1,"featured_media":0,"comment_status":"open","ping_status":"open","sticky":false,"template":"","format":"standard","meta":{"_acf_changed":false,"footnotes":""},"categories":[1],"tags":[],"class_list":["post-5290","post","type-post","status-publish","format-standard","hentry","category-sin-categoria"],"acf":[],"_links":{"self":[{"href":"https:\/\/www.idiliospain.com\/es\/wp-json\/wp\/v2\/posts\/5290","targetHints":{"allow":["GET"]}}],"collection":[{"href":"https:\/\/www.idiliospain.com\/es\/wp-json\/wp\/v2\/posts"}],"about":[{"href":"https:\/\/www.idiliospain.com\/es\/wp-json\/wp\/v2\/types\/post"}],"author":[{"embeddable":true,"href":"https:\/\/www.idiliospain.com\/es\/wp-json\/wp\/v2\/users\/1"}],"replies":[{"embeddable":true,"href":"https:\/\/www.idiliospain.com\/es\/wp-json\/wp\/v2\/comments?post=5290"}],"version-history":[{"count":5,"href":"https:\/\/www.idiliospain.com\/es\/wp-json\/wp\/v2\/posts\/5290\/revisions"}],"predecessor-version":[{"id":5364,"href":"https:\/\/www.idiliospain.com\/es\/wp-json\/wp\/v2\/posts\/5290\/revisions\/5364"}],"wp:attachment":[{"href":"https:\/\/www.idiliospain.com\/es\/wp-json\/wp\/v2\/media?parent=5290"}],"wp:term":[{"taxonomy":"category","embeddable":true,"href":"https:\/\/www.idiliospain.com\/es\/wp-json\/wp\/v2\/categories?post=5290"},{"taxonomy":"post_tag","embeddable":true,"href":"https:\/\/www.idiliospain.com\/es\/wp-json\/wp\/v2\/tags?post=5290"}],"curies":[{"name":"wp","href":"https:\/\/api.w.org\/{rel}","templated":true}]}}