{"id":5352,"date":"2017-02-09T18:40:28","date_gmt":"2017-02-09T17:40:28","guid":{"rendered":"https:\/\/www.idiliospain.com\/es\/?p=5352"},"modified":"2018-02-12T21:44:26","modified_gmt":"2018-02-12T20:44:26","slug":"fiestas-populares-en-espana","status":"publish","type":"post","link":"https:\/\/www.idiliospain.com\/es\/fiestas-populares-en-espana\/","title":{"rendered":"Fiestas Populares en Espa\u00f1a: Invierno-Primavera 2018"},"content":{"rendered":"<p>A finales del invierno y durante la primavera, Espa\u00f1a se llena de fiestas folcl\u00f3ricas y religiosas, que son un placer para el ojo y para el alma.<\/p>\n<p><img fetchpriority=\"high\" decoding=\"async\" class=\"wp-image-5353 alignleft\" src=\"https:\/\/www.idiliospain.com\/wp-content\/uploads\/2017\/02\/feria-de-abril-346x177.jpg\" alt=\"feria de abril\" width=\"536\" height=\"274\" srcset=\"https:\/\/www.idiliospain.com\/wp-content\/uploads\/2017\/02\/feria-de-abril-346x177.jpg 346w, https:\/\/www.idiliospain.com\/wp-content\/uploads\/2017\/02\/feria-de-abril-1024x523.jpg 1024w, https:\/\/www.idiliospain.com\/wp-content\/uploads\/2017\/02\/feria-de-abril-1536x784.jpg 1536w, https:\/\/www.idiliospain.com\/wp-content\/uploads\/2017\/02\/feria-de-abril.jpg 1920w\" sizes=\"(max-width: 536px) 100vw, 536px\" \/><\/p>\n<p>&nbsp;<\/p>\n<p>&nbsp;<\/p>\n<p>&nbsp;<\/p>\n<p>&nbsp;<\/p>\n<p>&nbsp;<\/p>\n<p>&nbsp;<\/p>\n<p>&nbsp;<\/p>\n<p>&nbsp;<\/p>\n<p><strong>Las principales fiestas en la primavera de 2018 son:<\/strong><\/p>\n<p>Carnavales (varias ciudades): alrededor del 11 febrero 2018<\/p>\n<p>Semana Santa (varias ciudades): 25 marzo a 1 abril 2018<\/p>\n<p>Feria de Abril (Sevilla): 15 a 22 de abril 2018<\/p>\n<p>Feria del Caballo (Jerez): 5 a 12 de mayo 2018<\/p>\n<p>Romer\u00eda de El Roc\u00edo (Huelva): 19 a 21 de junio 2018<\/p>\n<p>Corpus Cristi (Toledo): 31 de mayo 2018<\/p>\n<p>&nbsp;<\/p>\n<p>La temporada de fiestas populares en Espa\u00f1a arranca antes de terminar el invierno con los <strong>Carnavales (alrededor del 11 febrero 2018)<\/strong>. A pesar de tratarse de un pa\u00eds cat\u00f3lico, en Espa\u00f1a hay pocas localidades que le dan gran importancia a esta fiesta. Los Carnavales de mayor inter\u00e9s se celebran en Santa Cruz de Tenerife (Islas Canarias) y en <strong>C\u00e1diz<\/strong>. Tambi\u00e9n son de gran inter\u00e9s tur\u00edstico los Carnavales de <strong>Avil\u00e9s<\/strong> (Asturias) y de <strong>Santo\u00f1a<\/strong> (Cantabria), as\u00ed como el <strong>Peropalo<\/strong> de <strong>Villanueva de la Vera<\/strong> (Extremadura).<\/p>\n<p>&nbsp;<\/p>\n<p><strong>Casas para disfrutar del Carnaval de C\u00e1diz 2018\u00a0<\/strong>(8 a 18 febrero):<\/p>\n<p><img decoding=\"async\" class=\"wp-image-5385 alignleft\" src=\"https:\/\/www.idiliospain.com\/wp-content\/uploads\/2017\/02\/carnaval-de-cadiz.2-346x219.jpg\" alt=\"carnaval-de-cadiz.2\" width=\"479\" height=\"303\" srcset=\"https:\/\/www.idiliospain.com\/wp-content\/uploads\/2017\/02\/carnaval-de-cadiz.2-346x219.jpg 346w, https:\/\/www.idiliospain.com\/wp-content\/uploads\/2017\/02\/carnaval-de-cadiz.2.jpg 600w\" sizes=\"(max-width: 479px) 100vw, 479px\" \/><\/p>\n<p>&nbsp;<\/p>\n<p>&nbsp;<\/p>\n<p>&nbsp;<\/p>\n<p>&nbsp;<\/p>\n<p>&nbsp;<\/p>\n<p>&nbsp;<\/p>\n<p>&nbsp;<\/p>\n<p>&nbsp;<\/p>\n<p>&nbsp;<\/p>\n<p>Los gaditanos viven esta festividad con verdadera pasi\u00f3n, y se vuelcan en sus disfraces, algunas de las cuales verdaderas obras de arte. Para m\u00e1s info:\u00a0<a href=\"http:\/\/institucional.cadiz.es\/evento\/carnaval-de-c%C3%A1diz-2017\" target=\"_blank\" rel=\"noopener\">Carnaval de Cadiz<\/a><\/p>\n<blockquote class=\"wp-embedded-content\" data-secret=\"h1qSBgqAWU\"><p><a href=\"https:\/\/www.idiliospain.com\/es\/casas\/casa-vacacional-con-piscina-en-vejer-de-la-frontera\/\">Espectacular mansi\u00f3n con 3 casas y piscina en Vejer de la Frontera<\/a><\/p><\/blockquote>\n<p><iframe title=\"\u00abEspectacular mansi\u00f3n con 3 casas y piscina en Vejer de la Frontera\u00bb \u2014 Idilio Spain\" class=\"wp-embedded-content\" sandbox=\"allow-scripts\" security=\"restricted\" style=\"position: absolute; clip: rect(1px, 1px, 1px, 1px);\" src=\"https:\/\/www.idiliospain.com\/es\/casas\/casa-vacacional-con-piscina-en-vejer-de-la-frontera\/embed\/#?secret=h1qSBgqAWU\" data-secret=\"h1qSBgqAWU\" width=\"600\" height=\"338\" frameborder=\"0\" marginwidth=\"0\" marginheight=\"0\" scrolling=\"no\"><\/iframe><\/p>\n<p>&nbsp;<\/p>\n<p><strong>Casas para disfrutar del Carnaval de Avil\u00e9s (Asturias) 2018<\/strong>\u00a0(7 a 14 de febrero):<\/p>\n<p><img decoding=\"async\" class=\" wp-image-5393 aligncenter\" src=\"https:\/\/www.idiliospain.com\/wp-content\/uploads\/2017\/02\/16996-_carnaval-aviles-346x195.jpg\" alt=\"16996-_carnaval-aviles\" width=\"545\" height=\"307\" srcset=\"https:\/\/www.idiliospain.com\/wp-content\/uploads\/2017\/02\/16996-_carnaval-aviles-346x195.jpg 346w, https:\/\/www.idiliospain.com\/wp-content\/uploads\/2017\/02\/16996-_carnaval-aviles.jpg 640w\" sizes=\"(max-width: 545px) 100vw, 545px\" \/><\/p>\n<p>Llamada tambi\u00e9n la Fiesta de Antroxu,\u00a0es una sucesi\u00f3n de actos, llen\u00e1ndose la ciudad del ambiente festivo durante una semana. El Antroxu es dirigido por los Reyes del Goxu y la Faba, posici\u00f3n de honor a la que al a\u00f1o se debe renunciar en favor de un nuevo Pr\u00edncipe y futuro Rey. M\u00e1s info:\u00a0<a href=\"http:\/\/avilescomarca.info\/asyportal\/index.php?id_pagina=316\" target=\"_blank\" rel=\"noopener\">Carnaval de Avil\u00e9s<\/a><\/p>\n<blockquote class=\"wp-embedded-content\" data-secret=\"RisjMZAzEW\"><p><a href=\"https:\/\/www.idiliospain.com\/es\/casas\/casa-de-lujo-con-preciosas-vistas-entre-mar-y-montana\/\">Casa de lujo en Asturias con vistas de los Picos de Europa y cerca de la playa<\/a><\/p><\/blockquote>\n<p><iframe title=\"\u00abCasa de lujo en Asturias con vistas de los Picos de Europa y cerca de la playa\u00bb \u2014 Idilio Spain\" class=\"wp-embedded-content\" sandbox=\"allow-scripts\" security=\"restricted\" style=\"position: absolute; clip: rect(1px, 1px, 1px, 1px);\" src=\"https:\/\/www.idiliospain.com\/es\/casas\/casa-de-lujo-con-preciosas-vistas-entre-mar-y-montana\/embed\/#?secret=RisjMZAzEW\" data-secret=\"RisjMZAzEW\" width=\"600\" height=\"338\" frameborder=\"0\" marginwidth=\"0\" marginheight=\"0\" scrolling=\"no\"><\/iframe><\/p>\n<blockquote class=\"wp-embedded-content\" data-secret=\"4rpHVrehlt\"><p><a href=\"https:\/\/www.idiliospain.com\/es\/casas\/casa-indiana-en-asturias\/\">Gran casa indiana cerca de la playa en Asturias<\/a><\/p><\/blockquote>\n<p><iframe title=\"\u00abGran casa indiana cerca de la playa en Asturias\u00bb \u2014 Idilio Spain\" class=\"wp-embedded-content\" sandbox=\"allow-scripts\" security=\"restricted\" style=\"position: absolute; clip: rect(1px, 1px, 1px, 1px);\" src=\"https:\/\/www.idiliospain.com\/es\/casas\/casa-indiana-en-asturias\/embed\/#?secret=4rpHVrehlt\" data-secret=\"4rpHVrehlt\" width=\"600\" height=\"338\" frameborder=\"0\" marginwidth=\"0\" marginheight=\"0\" scrolling=\"no\"><\/iframe><\/p>\n<p>&nbsp;<\/p>\n<p><strong>Casas para disfrutar del Carnaval de Santo\u00f1a \/Cantabria) 2018<\/strong>\u00a0(3 a 17 de febrero):<\/p>\n<p>Declarado Fiesta de Inter\u00e9s Tur\u00edstico Nacional en 1985, el Carnaval de Santo\u00f1a es famoso por sus murgas, sus desfiles, su particular entierro del Besugo (en vez de la tradicional sardina) precedido del Juicio en el Fondo del Mar, y su d\u00eda del aldeano (o trasmerano). M\u00e1s info:\u00a0<a href=\"http:\/\/www.xn--santoa-0wa.es\/sites\/default\/files\/Programa%20Carnaval%20Santo%C3%B1a%202017.pdf\" target=\"_blank\" rel=\"noopener\">Carnaval de Santo\u00f1a<\/a><\/p>\n<blockquote class=\"wp-embedded-content\" data-secret=\"OnxFVDlRpm\"><p><a href=\"https:\/\/www.idiliospain.com\/es\/casas\/casa-de-lujo-para-eventos-en-cantabria\/\">Casa noble del siglo XIX en Cantabria con magn\u00edfico jard\u00edn<\/a><\/p><\/blockquote>\n<p><iframe title=\"\u00abCasa noble del siglo XIX en Cantabria con magn\u00edfico jard\u00edn\u00bb \u2014 Idilio Spain\" class=\"wp-embedded-content\" sandbox=\"allow-scripts\" security=\"restricted\" style=\"position: absolute; clip: rect(1px, 1px, 1px, 1px);\" src=\"https:\/\/www.idiliospain.com\/es\/casas\/casa-de-lujo-para-eventos-en-cantabria\/embed\/#?secret=OnxFVDlRpm\" data-secret=\"OnxFVDlRpm\" width=\"600\" height=\"338\" frameborder=\"0\" marginwidth=\"0\" marginheight=\"0\" scrolling=\"no\"><\/iframe><\/p>\n<p>https:\/\/www.idiliospain.com\/es\/casas\/casa-vacacional-de-lujo-en-comillas\/<\/p>\n<p>&nbsp;<\/p>\n<p><strong>Casas para disfrutar del Peropalo en Villanueva de la Vera (Extremadura) 2018<\/strong>\u00a0(10 a 13 de febrero)<\/p>\n<p><img loading=\"lazy\" decoding=\"async\" class=\" wp-image-5387 aligncenter\" src=\"https:\/\/www.idiliospain.com\/wp-content\/uploads\/2017\/02\/peropalo-346x226.jpg\" alt=\"peropalo\" width=\"521\" height=\"340\" srcset=\"https:\/\/www.idiliospain.com\/wp-content\/uploads\/2017\/02\/peropalo-346x226.jpg 346w, https:\/\/www.idiliospain.com\/wp-content\/uploads\/2017\/02\/peropalo-1024x668.jpg 1024w, https:\/\/www.idiliospain.com\/wp-content\/uploads\/2017\/02\/peropalo-1536x1002.jpg 1536w, https:\/\/www.idiliospain.com\/wp-content\/uploads\/2017\/02\/peropalo.jpg 1600w\" sizes=\"(max-width: 521px) 100vw, 521px\" \/><\/p>\n<p>Peropalo es el nombre con el que se conoce a un mu\u00f1eco, de tama\u00f1o natural, en torno al cual gira siempre el carnaval en el precioso pueblo extreme\u00f1o de Villanueva de la Vera. La fiesta consiste en una serie de ritos\u00a0que se organizan en torno al protagonista en los tres d\u00edas de carnaval y van desde su confecci\u00f3n a su muerte. M\u00e1s info:\u00a0<a href=\"http:\/\/www.peropalo.es\/spip.php?article2\">Fiesta de El Peropalo<\/a><\/p>\n<p>https:\/\/www.idiliospain.com\/es\/casas\/espectacular-casa-vacacional-en-gredos\/<\/p>\n<p>https:\/\/www.idiliospain.com\/es\/casas\/casa-vacacional-de-lujo-cerca-de-madrid-2\/<\/p>\n<blockquote class=\"wp-embedded-content\" data-secret=\"nnsvLuKjq3\"><p><a href=\"https:\/\/www.idiliospain.com\/es\/casas\/romantica-casa-en-plena-naturaleza-cerca-de-madrid\/\">Rom\u00e1ntica casa en plena naturaleza en Sierra de Gredos<\/a><\/p><\/blockquote>\n<p><iframe title=\"\u00abRom\u00e1ntica casa en plena naturaleza en Sierra de Gredos\u00bb \u2014 Idilio Spain\" class=\"wp-embedded-content\" sandbox=\"allow-scripts\" security=\"restricted\" style=\"position: absolute; clip: rect(1px, 1px, 1px, 1px);\" src=\"https:\/\/www.idiliospain.com\/es\/casas\/romantica-casa-en-plena-naturaleza-cerca-de-madrid\/embed\/#?secret=nnsvLuKjq3\" data-secret=\"nnsvLuKjq3\" width=\"600\" height=\"338\" frameborder=\"0\" marginwidth=\"0\" marginheight=\"0\" scrolling=\"no\"><\/iframe><\/p>\n<blockquote class=\"wp-embedded-content\" data-secret=\"nFvARgRxKi\"><p><a href=\"https:\/\/www.idiliospain.com\/es\/casas\/elegante-casa-con-gran-piscina-en-plena-naturaleza-en-la-vera\/\">Elegante casa con gran piscina en plena naturaleza en La Vera<\/a><\/p><\/blockquote>\n<p><iframe title=\"\u00abElegante casa con gran piscina en plena naturaleza en La Vera\u00bb \u2014 Idilio Spain\" class=\"wp-embedded-content\" sandbox=\"allow-scripts\" security=\"restricted\" style=\"position: absolute; clip: rect(1px, 1px, 1px, 1px);\" src=\"https:\/\/www.idiliospain.com\/es\/casas\/elegante-casa-con-gran-piscina-en-plena-naturaleza-en-la-vera\/embed\/#?secret=nFvARgRxKi\" data-secret=\"nFvARgRxKi\" width=\"600\" height=\"338\" frameborder=\"0\" marginwidth=\"0\" marginheight=\"0\" scrolling=\"no\"><\/iframe><\/p>\n<p>https:\/\/www.idiliospain.com\/es\/casas\/casa-de-diseno-con-gran-piscina-en-la-vera-sierra-de-gredos\/<\/p>\n<p>Las solemnes <strong>procesiones de Semana Santa<\/strong> tienen lugar en todos los pueblos de Espa\u00f1a, pero son las de <strong>Sevilla<\/strong> que tienen la mayor fama por la intensidad con la que las viven los sevillanos, y por la gran afluencia de turistas que atrae. Pero hay otras ciudades en Espa\u00f1a donde las procesiones de Semana Santa son verdaderamente impresionantes, como es el caso de <strong>M\u00e1laga<\/strong>, <strong>Granada<\/strong>, <strong>C\u00e1ceres<\/strong>, <strong>Palencia<\/strong>, <strong>\u00c1vila<\/strong>, y <strong>Viveiro<\/strong> (Galicia).<\/p>\n<p><img loading=\"lazy\" decoding=\"async\" class=\" wp-image-5397 aligncenter\" src=\"https:\/\/www.idiliospain.com\/wp-content\/uploads\/2017\/02\/10-04-08semsanasanta-346x197.jpg\" alt=\"10-04-08semsanasanta\" width=\"518\" height=\"295\" srcset=\"https:\/\/www.idiliospain.com\/wp-content\/uploads\/2017\/02\/10-04-08semsanasanta-346x197.jpg 346w, https:\/\/www.idiliospain.com\/wp-content\/uploads\/2017\/02\/10-04-08semsanasanta.jpg 800w\" sizes=\"(max-width: 518px) 100vw, 518px\" \/><\/p>\n<p>&nbsp;<\/p>\n<p><strong>Casas para disfrutar de la Semana Santa de Sevilla 2018<\/strong>\u00a0(25 marzo a 1 abril):<\/p>\n<p><img loading=\"lazy\" decoding=\"async\" class=\" wp-image-5399 aligncenter\" src=\"https:\/\/www.idiliospain.com\/wp-content\/uploads\/2017\/02\/96a949807d2d317a109d5eb0d8e897a2-346x207.jpg\" alt=\"96a949807d2d317a109d5eb0d8e897a2\" width=\"538\" height=\"323\" srcset=\"https:\/\/www.idiliospain.com\/wp-content\/uploads\/2017\/02\/96a949807d2d317a109d5eb0d8e897a2-346x207.jpg 346w, https:\/\/www.idiliospain.com\/wp-content\/uploads\/2017\/02\/96a949807d2d317a109d5eb0d8e897a2.jpg 934w\" sizes=\"(max-width: 538px) 100vw, 538px\" \/><\/p>\n<p>Entre el Domingo de Ramos\u00a0y el Domingo de Resurrecci\u00f3n, 60 hermandades procesionan hacia la catedral de la ciudad y 11 hermandades procesionan dos d\u00edas antes, el Viernes de Dolores\u00a0y el S\u00e1bado de Pasi\u00f3n, sin pasar por la catedral. M\u00e1s info:\u00a0<a href=\"http:\/\/www.semana-santa.org\/\" target=\"_blank\" rel=\"noopener\">Semana Santa de Sevilla 2018<\/a><\/p>\n<p>https:\/\/www.idiliospain.com\/es\/casas\/cortijo-con-gran-jardin-y-piscina-a-solo-15-km-de-sevilla\/<\/p>\n<blockquote class=\"wp-embedded-content\" data-secret=\"bwWLPfwWcI\"><p><a href=\"https:\/\/www.idiliospain.com\/es\/casas\/casa-vacacional-con-piscina-en-sierra-norte-de-sevilla\/\">Cortijo andaluz con mucho encanto en Sierra Norte de Sevilla<\/a><\/p><\/blockquote>\n<p><iframe title=\"\u00abCortijo andaluz con mucho encanto en Sierra Norte de Sevilla\u00bb \u2014 Idilio Spain\" class=\"wp-embedded-content\" sandbox=\"allow-scripts\" security=\"restricted\" style=\"position: absolute; clip: rect(1px, 1px, 1px, 1px);\" src=\"https:\/\/www.idiliospain.com\/es\/casas\/casa-vacacional-con-piscina-en-sierra-norte-de-sevilla\/embed\/#?secret=bwWLPfwWcI\" data-secret=\"bwWLPfwWcI\" width=\"600\" height=\"338\" frameborder=\"0\" marginwidth=\"0\" marginheight=\"0\" scrolling=\"no\"><\/iframe><\/p>\n<p>https:\/\/www.idiliospain.com\/es\/casas\/lujo-senorial-con-yeguada-en-sierra-norte-de-sevilla\/<\/p>\n<p>&nbsp;<\/p>\n<p><strong>Casas para disfrutar de la Semana Santa de M\u00e1laga 2018<\/strong>\u00a0(25 marzo a 1 abril):<\/p>\n<p>Declarada de Inter\u00e9s Tur\u00edstico Internacional,\u00a0la Semana Santa de M\u00e1laga es un gran evento de car\u00e1cter religioso, social y cultural. M\u00e1s info:\u00a0<a href=\"http:\/\/www.malagaturismo.com\/es\/secciones\/semana-santa\/42\" target=\"_blank\" rel=\"noopener\">Semana Santa de M\u00e1laga 2018<\/a><\/p>\n<blockquote class=\"wp-embedded-content\" data-secret=\"YOAW1ff7xy\"><p><a href=\"https:\/\/www.idiliospain.com\/es\/casas\/casa-de-campo-en-ronda\/\">Precioso cortijo renovado en espectacular paisaje a 5 min. de Ronda<\/a><\/p><\/blockquote>\n<p><iframe title=\"\u00abPrecioso cortijo renovado en espectacular paisaje a 5 min. de Ronda\u00bb \u2014 Idilio Spain\" class=\"wp-embedded-content\" sandbox=\"allow-scripts\" security=\"restricted\" style=\"position: absolute; clip: rect(1px, 1px, 1px, 1px);\" src=\"https:\/\/www.idiliospain.com\/es\/casas\/casa-de-campo-en-ronda\/embed\/#?secret=YOAW1ff7xy\" data-secret=\"YOAW1ff7xy\" width=\"600\" height=\"338\" frameborder=\"0\" marginwidth=\"0\" marginheight=\"0\" scrolling=\"no\"><\/iframe><\/p>\n<p>&nbsp;<\/p>\n<p><strong>Casas para disfrutar de la Semana Santa de Granada 2018<\/strong>\u00a0(25 marzo a 1 abril):<\/p>\n<p>La Semana Santa de Granada representa la Pasi\u00f3n de Cristo\u00a0con conjuntos escult\u00f3ricos que procesionan por las calles de la ciudad, acompa\u00f1ados por penitentes y devotos.\u00a0Fue declarada Fiesta de Inter\u00e9s Tur\u00edstico Internacional en 2009. M\u00e1s info:\u00a0<a href=\"http:\/\/www.granadadirect.com\/fiestas\/semana-santa-granada\/\" target=\"_blank\" rel=\"noopener\">Semana Santa de Granada 2018<\/a><\/p>\n<blockquote class=\"wp-embedded-content\" data-secret=\"tDNry9sMZZ\"><p><a href=\"https:\/\/www.idiliospain.com\/es\/casas\/casa-vacacional-con-piscina-en-granada\/\">Magn\u00edfico carmen con piscina y vistas en Albaic\u00edn, Granada<\/a><\/p><\/blockquote>\n<p><iframe title=\"\u00abMagn\u00edfico carmen con piscina y vistas en Albaic\u00edn, Granada\u00bb \u2014 Idilio Spain\" class=\"wp-embedded-content\" sandbox=\"allow-scripts\" security=\"restricted\" style=\"position: absolute; clip: rect(1px, 1px, 1px, 1px);\" src=\"https:\/\/www.idiliospain.com\/es\/casas\/casa-vacacional-con-piscina-en-granada\/embed\/#?secret=tDNry9sMZZ\" data-secret=\"tDNry9sMZZ\" width=\"600\" height=\"338\" frameborder=\"0\" marginwidth=\"0\" marginheight=\"0\" scrolling=\"no\"><\/iframe><\/p>\n<p>&nbsp;<\/p>\n<p><strong>Casas para disfrutar de la Semana Santa de C\u00e1ceres 2018<\/strong>\u00a0(25 marzo a 1 abril):<\/p>\n<p>La Semana Santa<b> en C\u00e1ceres<\/b>, declarada de Inter\u00e9s Tur\u00edstico Internacional,\u00a0dura nueve d\u00edas (desde el S\u00e1bado de Pasi\u00f3n\u00a0hasta el Domingo de Resurrecci\u00f3n. Sus pasos son de tradici\u00f3n castellana, es decir, son trasladadas en hombros, y circulan mayoritariamente por la Parte Antigua de C\u00e1ceres,\u00a0declarada Patrimonio de la Humanidad\u00a0por la \u00a0Unesco. M\u00e1s info:\u00a0<a href=\"http:\/\/semanasantacaceres.com\/\" target=\"_blank\" rel=\"noopener\">Semana Santa de C\u00e1ceres 2018<\/a><\/p>\n<blockquote class=\"wp-embedded-content\" data-secret=\"IKTWtDZIzZ\"><p><a href=\"https:\/\/www.idiliospain.com\/es\/casas\/casa-vacacional-con-golf-cerca-de-madrid\/\">Casa de gran lujo con golf y piscina privada al borde del Embalse de Valdeca\u00f1as<\/a><\/p><\/blockquote>\n<p><iframe title=\"\u00abCasa de gran lujo con golf y piscina privada al borde del Embalse de Valdeca\u00f1as\u00bb \u2014 Idilio Spain\" class=\"wp-embedded-content\" sandbox=\"allow-scripts\" security=\"restricted\" style=\"position: absolute; clip: rect(1px, 1px, 1px, 1px);\" src=\"https:\/\/www.idiliospain.com\/es\/casas\/casa-vacacional-con-golf-cerca-de-madrid\/embed\/#?secret=IKTWtDZIzZ\" data-secret=\"IKTWtDZIzZ\" width=\"600\" height=\"338\" frameborder=\"0\" marginwidth=\"0\" marginheight=\"0\" scrolling=\"no\"><\/iframe><\/p>\n<blockquote class=\"wp-embedded-content\" data-secret=\"29pMqmKtGO\"><p><a href=\"https:\/\/www.idiliospain.com\/es\/casas\/gran-casa-vacacional-cerca-de-madrid\/\">Precioso cortijo en gran olivar con piscina y vistas a 2 horas de Madrid<\/a><\/p><\/blockquote>\n<p><iframe title=\"\u00abPrecioso cortijo en gran olivar con piscina y vistas a 2 horas de Madrid\u00bb \u2014 Idilio Spain\" class=\"wp-embedded-content\" sandbox=\"allow-scripts\" security=\"restricted\" style=\"position: absolute; clip: rect(1px, 1px, 1px, 1px);\" src=\"https:\/\/www.idiliospain.com\/es\/casas\/gran-casa-vacacional-cerca-de-madrid\/embed\/#?secret=29pMqmKtGO\" data-secret=\"29pMqmKtGO\" width=\"600\" height=\"338\" frameborder=\"0\" marginwidth=\"0\" marginheight=\"0\" scrolling=\"no\"><\/iframe><\/p>\n<p>&nbsp;<\/p>\n<p><strong>Casas para disfrutar de la Semana Santa de Palencia 2018<\/strong>\u00a0(25 marzo a 1 abril):<\/p>\n<p>La Semana Santa en Palencia es la celebraci\u00f3n m\u00e1s importante de la capital palentina y destaca por su elegancia, silencio, sobriedad, sencillez y solemnidad. \u00a0Es una fiesta declarada de Inter\u00e9s Tur\u00edstico Internacional. M\u00e1s info:\u00a0<a href=\"http:\/\/www.semanasantapalencia.com\/\" target=\"_blank\" rel=\"noopener\">Semana Santa de Palencia 2018<\/a><\/p>\n<blockquote class=\"wp-embedded-content\" data-secret=\"2Vgks58uKd\"><p><a href=\"https:\/\/www.idiliospain.com\/es\/casas\/casa-vacacional-grande-cerca-de-madrid\/\">Finca se\u00f1orial cerca de Ribera del Duero<\/a><\/p><\/blockquote>\n<p><iframe title=\"\u00abFinca se\u00f1orial cerca de Ribera del Duero\u00bb \u2014 Idilio Spain\" class=\"wp-embedded-content\" sandbox=\"allow-scripts\" security=\"restricted\" style=\"position: absolute; clip: rect(1px, 1px, 1px, 1px);\" src=\"https:\/\/www.idiliospain.com\/es\/casas\/casa-vacacional-grande-cerca-de-madrid\/embed\/#?secret=2Vgks58uKd\" data-secret=\"2Vgks58uKd\" width=\"600\" height=\"338\" frameborder=\"0\" marginwidth=\"0\" marginheight=\"0\" scrolling=\"no\"><\/iframe><\/p>\n<p>&nbsp;<\/p>\n<p><strong>Casas para disfrutar de la Semana Santa de \u00c1vila 2018<\/strong>\u00a0(25 marzo a 1 abril):<\/p>\n<p>La Semana Santa de \u00c1vila, declarada de Inter\u00e9s Tur\u00edstico Internacional desde 2014, constituye una gran expresi\u00f3n de arte y riqueza representada por los numerosos pasos que recorren la ciudad amurallada. Con sus 15 procesiones y 14 hermandades, es una de las m\u00e1s bellas de Castilla y Le\u00f3n. M\u00e1s info:\u00a0<a href=\"http:\/\/www.avilaturismo.com\/es\/agenda\/eventos-principales\/item\/291-semana-santa\" target=\"_blank\" rel=\"noopener\">Semana Santa de \u00c1vila 2018<\/a><\/p>\n<blockquote class=\"wp-embedded-content\" data-secret=\"FTnVCKkhtc\"><p><a href=\"https:\/\/www.idiliospain.com\/es\/casas\/casa-vacacional-de-lujo-cerca-de-madrid\/\">Chalet en urbanizaci\u00f3n de gran lujo entre \u00c1vila y El Escorial<\/a><\/p><\/blockquote>\n<p><iframe title=\"\u00abChalet en urbanizaci\u00f3n de gran lujo entre \u00c1vila y El Escorial\u00bb \u2014 Idilio Spain\" class=\"wp-embedded-content\" sandbox=\"allow-scripts\" security=\"restricted\" style=\"position: absolute; clip: rect(1px, 1px, 1px, 1px);\" src=\"https:\/\/www.idiliospain.com\/es\/casas\/casa-vacacional-de-lujo-cerca-de-madrid\/embed\/#?secret=FTnVCKkhtc\" data-secret=\"FTnVCKkhtc\" width=\"600\" height=\"338\" frameborder=\"0\" marginwidth=\"0\" marginheight=\"0\" scrolling=\"no\"><\/iframe><\/p>\n<p>&nbsp;<\/p>\n<p><strong>Casas para disfrutar de la Semana Santa de Viveiro 2018<\/strong>\u00a0(25 marzo a 1 abril):<\/p>\n<p>Como reflejo de su importancia, la celebraci\u00f3n de la Semana Santa vivariense ha alcanzado la declaraci\u00f3n de Inter\u00e9s Tur\u00edstico Internacional<span style=\"font-size: 13.3333px;\">.<\/span>\u00a0Esta Semana Santa destaca por el gran valor art\u00edstico de la imaginer\u00eda y orfebrer\u00eda,\u00a0adem\u00e1s de tener un car\u00e1cter generalmente sobrio y austero, que hace que se asemeje m\u00e1s a la Semana Santa castellana.<\/p>\n<blockquote class=\"wp-embedded-content\" data-secret=\"wQnm56LuCe\"><p><a href=\"https:\/\/www.idiliospain.com\/es\/casas\/casa-de-diseno-con-vista-del-mar-en-galicia\/\">Casa de dise\u00f1o con vista del mar en Galicia<\/a><\/p><\/blockquote>\n<p><iframe title=\"\u00abCasa de dise\u00f1o con vista del mar en Galicia\u00bb \u2014 Idilio Spain\" class=\"wp-embedded-content\" sandbox=\"allow-scripts\" security=\"restricted\" style=\"position: absolute; clip: rect(1px, 1px, 1px, 1px);\" src=\"https:\/\/www.idiliospain.com\/es\/casas\/casa-de-diseno-con-vista-del-mar-en-galicia\/embed\/#?secret=wQnm56LuCe\" data-secret=\"wQnm56LuCe\" width=\"600\" height=\"338\" frameborder=\"0\" marginwidth=\"0\" marginheight=\"0\" scrolling=\"no\"><\/iframe><\/p>\n<p>&nbsp;<\/p>\n<p>Se conoce como <b>Feria de Abril<\/b> o <b>Feria de Sevilla<\/b> al conjunto de casetas y atracciones que se instalan en el recinto ferial del barrio de Los Remedios\u00a0para la celebraci\u00f3n de la fiesta local de Sevilla. Coincide con los toros en la plaza de la Maestranza, constituyendo estos eventos las Fiestas de Primavera de Sevilla. La ciudad se llena de alegr\u00eda, de m\u00fasica y de un desfile de coloridos trajes flamencos, de coches de caballos, que dan placer al ojo y al alma.<\/p>\n<p><img loading=\"lazy\" decoding=\"async\" class=\"wp-image-5409 aligncenter\" src=\"https:\/\/www.idiliospain.com\/wp-content\/uploads\/2017\/02\/feria-de-abril-1-346x195.jpg\" alt=\"feria de abril\" width=\"545\" height=\"307\" srcset=\"https:\/\/www.idiliospain.com\/wp-content\/uploads\/2017\/02\/feria-de-abril-1-346x195.jpg 346w, https:\/\/www.idiliospain.com\/wp-content\/uploads\/2017\/02\/feria-de-abril-1-1024x576.jpg 1024w, https:\/\/www.idiliospain.com\/wp-content\/uploads\/2017\/02\/feria-de-abril-1-1536x864.jpg 1536w, https:\/\/www.idiliospain.com\/wp-content\/uploads\/2017\/02\/feria-de-abril-1.jpg 1920w\" sizes=\"(max-width: 545px) 100vw, 545px\" \/><\/p>\n<p>&nbsp;<\/p>\n<p><strong>Casas para disfrutar de la Feria de Abril de Sevilla<\/strong> (15 a 22 abril):<\/p>\n<p>https:\/\/www.idiliospain.com\/es\/casas\/cortijo-con-gran-jardin-y-piscina-a-solo-15-km-de-sevilla\/<\/p>\n<blockquote class=\"wp-embedded-content\" data-secret=\"bwWLPfwWcI\"><p><a href=\"https:\/\/www.idiliospain.com\/es\/casas\/casa-vacacional-con-piscina-en-sierra-norte-de-sevilla\/\">Cortijo andaluz con mucho encanto en Sierra Norte de Sevilla<\/a><\/p><\/blockquote>\n<p><iframe title=\"\u00abCortijo andaluz con mucho encanto en Sierra Norte de Sevilla\u00bb \u2014 Idilio Spain\" class=\"wp-embedded-content\" sandbox=\"allow-scripts\" security=\"restricted\" style=\"position: absolute; clip: rect(1px, 1px, 1px, 1px);\" src=\"https:\/\/www.idiliospain.com\/es\/casas\/casa-vacacional-con-piscina-en-sierra-norte-de-sevilla\/embed\/#?secret=bwWLPfwWcI\" data-secret=\"bwWLPfwWcI\" width=\"600\" height=\"338\" frameborder=\"0\" marginwidth=\"0\" marginheight=\"0\" scrolling=\"no\"><\/iframe><\/p>\n<p>https:\/\/www.idiliospain.com\/es\/casas\/lujo-senorial-con-yeguada-en-sierra-norte-de-sevilla\/<\/p>\n<p>&nbsp;<\/p>\n<p>La <strong>Feria del Caballo de Jerez<\/strong> se celebra una semana tras celebrarse la Feria de Abril en Sevilla\u00a0y antes de la\u00a0Romer\u00eda del Roc\u00edo. Durante las fiestas y entre semana, (la feria tiene normalmente una duraci\u00f3n de siete d\u00edas) desfilan caballos\u00a0con sus jinetes\u00a0que, como anta\u00f1o, se siguen vendiendo. Durante toda la semana, s\u00f3lo durante el d\u00eda, hay un gran desfile de coches de caballos por las calles centrales. M\u00e1s info:\u00a0<a href=\"http:\/\/www.jerez.es\/especiales\/Feria%20del%20Caballo\/?no_cache=1&amp;tx_ttnews[calendarYear]=2017&amp;tx_ttnews[calendarMonth]=5\" target=\"_blank\" rel=\"noopener\">Feria del Caballo de Jerez 2018<\/a><\/p>\n<p><img loading=\"lazy\" decoding=\"async\" class=\"wp-image-5413 aligncenter\" src=\"https:\/\/www.idiliospain.com\/wp-content\/uploads\/2017\/02\/feria-del-caballo-346x101.jpg\" alt=\"feria del caballo\" width=\"623\" height=\"182\" srcset=\"https:\/\/www.idiliospain.com\/wp-content\/uploads\/2017\/02\/feria-del-caballo-346x101.jpg 346w, https:\/\/www.idiliospain.com\/wp-content\/uploads\/2017\/02\/feria-del-caballo-1024x299.jpg 1024w, https:\/\/www.idiliospain.com\/wp-content\/uploads\/2017\/02\/feria-del-caballo.jpg 1200w\" sizes=\"(max-width: 623px) 100vw, 623px\" \/><\/p>\n<p>&nbsp;<\/p>\n<p>La <strong>Romer\u00eda del Roc\u00edo<\/strong> es una de las romer\u00edas m\u00e1s famosas y multitudinarias que existen. Popularmente denominada <b>El Roc\u00edo\u00a0<\/b>es una manifestaci\u00f3n de religiosidad popular cat\u00f3lica\u00a0en honor de la V\u00edrgen el Roc\u00edo.\u00a0Tras recorrer en romer\u00eda, a pie, a caballo, o en carretas\u00a0el camino, el cual pasa en parte por el parque de Do\u00f1ana, una inmensa multitud de devotos\u00a0llegan a las puertas de la ermita, donde los almonte\u00f1os la noche del domingo al lunes de Pentecost\u00e9s, realizan lo que popularmente llaman \u00abel salto de la reja\u00bb. A continuaci\u00f3n, los almonte\u00f1os sacan a la Virgen que llaman \u00abBlanca Paloma\u00bb en procesi\u00f3n y la llevan en hombros por la aldea, donde por la noche se vive un intenso ambiente festivo. M\u00e1s info:\u00a0<a href=\"http:\/\/Romer\u00eda del Roc\u00edo 2017\" target=\"_blank\" rel=\"noopener\">http:\/\/rocioblancapaloma.es\/Rocio_Blanca_Paloma\/Fechas_Rocio_2018.html<\/a><\/p>\n<p><img loading=\"lazy\" decoding=\"async\" class=\"alignnone wp-image-5419\" src=\"https:\/\/www.idiliospain.com\/wp-content\/uploads\/2017\/02\/14246230502262-1-346x231.jpg\" alt=\"14246230502262\" width=\"318\" height=\"212\" srcset=\"https:\/\/www.idiliospain.com\/wp-content\/uploads\/2017\/02\/14246230502262-1-346x231.jpg 346w, https:\/\/www.idiliospain.com\/wp-content\/uploads\/2017\/02\/14246230502262-1.jpg 657w\" sizes=\"(max-width: 318px) 100vw, 318px\" \/>\u00a0\u00a0<img loading=\"lazy\" decoding=\"async\" class=\"alignnone wp-image-5417\" src=\"https:\/\/www.idiliospain.com\/wp-content\/uploads\/2017\/02\/gente-bailando-durante-la-romer\u00eda-del-roc\u00edo-346x231.jpg\" alt=\"gente-bailando-durante-la-romer\u00eda-del-roc\u00edo\" width=\"320\" height=\"213\" srcset=\"https:\/\/www.idiliospain.com\/wp-content\/uploads\/2017\/02\/gente-bailando-durante-la-romer\u00eda-del-roc\u00edo-346x231.jpg 346w, https:\/\/www.idiliospain.com\/wp-content\/uploads\/2017\/02\/gente-bailando-durante-la-romer\u00eda-del-roc\u00edo.jpg 1000w\" sizes=\"(max-width: 320px) 100vw, 320px\" \/><\/p>\n<p>&nbsp;<\/p>\n<p><strong>Casas para disfrutar de la Feria del Caballo en Jerez y de la Romer\u00eda del Roc\u00edo 2018:<\/strong><\/p>\n<blockquote class=\"wp-embedded-content\" data-secret=\"h1qSBgqAWU\"><p><a href=\"https:\/\/www.idiliospain.com\/es\/casas\/casa-vacacional-con-piscina-en-vejer-de-la-frontera\/\">Espectacular mansi\u00f3n con 3 casas y piscina en Vejer de la Frontera<\/a><\/p><\/blockquote>\n<p><iframe title=\"\u00abEspectacular mansi\u00f3n con 3 casas y piscina en Vejer de la Frontera\u00bb \u2014 Idilio Spain\" class=\"wp-embedded-content\" sandbox=\"allow-scripts\" security=\"restricted\" style=\"position: absolute; clip: rect(1px, 1px, 1px, 1px);\" src=\"https:\/\/www.idiliospain.com\/es\/casas\/casa-vacacional-con-piscina-en-vejer-de-la-frontera\/embed\/#?secret=h1qSBgqAWU\" data-secret=\"h1qSBgqAWU\" width=\"600\" height=\"338\" frameborder=\"0\" marginwidth=\"0\" marginheight=\"0\" scrolling=\"no\"><\/iframe><\/p>\n<p>https:\/\/www.idiliospain.com\/es\/casas\/cortijo-con-gran-jardin-y-piscina-a-solo-15-km-de-sevilla\/<\/p>\n<p>&nbsp;<\/p>\n<p>La <b>procesi\u00f3n del Corpus Christi<\/b><strong> en Toledo<\/strong>\u00a0es una fiesta cat\u00f3lica\u00a0de tradici\u00f3n muy antigua que se celebra cada a\u00f1o en esta ciudad. Es la fiesta principal de los toledanos, que para la ocasi\u00f3n visten sus calles con preciosos tapices, flores y tomillo. Alrededor de esta fiesta se organiza la Semana Grande de Toledo, con una gran selecci\u00f3n de actividades culturales, conciertos, etc. M\u00e1s info:\u00a0<a href=\"http:\/\/www.toledo-turismo.com\/es\/corpus-christi_201\" target=\"_blank\" rel=\"noopener\">Corpus Cristo de Toledo 2018<\/a><\/p>\n<p><img loading=\"lazy\" decoding=\"async\" class=\"wp-image-5423 aligncenter\" src=\"https:\/\/www.idiliospain.com\/wp-content\/uploads\/2017\/02\/corpus-cristi-toledo-346x173.jpg\" alt=\"corpus cristi toledo\" width=\"552\" height=\"276\" srcset=\"https:\/\/www.idiliospain.com\/wp-content\/uploads\/2017\/02\/corpus-cristi-toledo-346x173.jpg 346w, https:\/\/www.idiliospain.com\/wp-content\/uploads\/2017\/02\/corpus-cristi-toledo.jpg 720w\" sizes=\"(max-width: 552px) 100vw, 552px\" \/><\/p>\n<p>&nbsp;<\/p>\n<p><strong>Casas para disfrutar del Corpus Christi y la Semana Grande de Toledo 2018<\/strong>\u00a0(31 mayo):<\/p>\n<blockquote class=\"wp-embedded-content\" data-secret=\"HqVSO5RXOE\"><p><a href=\"https:\/\/www.idiliospain.com\/es\/casas\/casa-senorial-con-magnificas-vistas-de-toledo\/\">Casa se\u00f1orial con magn\u00edficas vistas de Toledo<\/a><\/p><\/blockquote>\n<p><iframe title=\"\u00abCasa se\u00f1orial con magn\u00edficas vistas de Toledo\u00bb \u2014 Idilio Spain\" class=\"wp-embedded-content\" sandbox=\"allow-scripts\" security=\"restricted\" style=\"position: absolute; clip: rect(1px, 1px, 1px, 1px);\" src=\"https:\/\/www.idiliospain.com\/es\/casas\/casa-senorial-con-magnificas-vistas-de-toledo\/embed\/#?secret=HqVSO5RXOE\" data-secret=\"HqVSO5RXOE\" width=\"600\" height=\"338\" frameborder=\"0\" marginwidth=\"0\" marginheight=\"0\" scrolling=\"no\"><\/iframe><\/p>\n<blockquote class=\"wp-embedded-content\" data-secret=\"29pMqmKtGO\"><p><a href=\"https:\/\/www.idiliospain.com\/es\/casas\/gran-casa-vacacional-cerca-de-madrid\/\">Precioso cortijo en gran olivar con piscina y vistas a 2 horas de Madrid<\/a><\/p><\/blockquote>\n<p><iframe title=\"\u00abPrecioso cortijo en gran olivar con piscina y vistas a 2 horas de Madrid\u00bb \u2014 Idilio Spain\" class=\"wp-embedded-content\" sandbox=\"allow-scripts\" security=\"restricted\" style=\"position: absolute; clip: rect(1px, 1px, 1px, 1px);\" src=\"https:\/\/www.idiliospain.com\/es\/casas\/gran-casa-vacacional-cerca-de-madrid\/embed\/#?secret=29pMqmKtGO\" data-secret=\"29pMqmKtGO\" width=\"600\" height=\"338\" frameborder=\"0\" marginwidth=\"0\" marginheight=\"0\" scrolling=\"no\"><\/iframe><\/p>\n","protected":false},"excerpt":{"rendered":"<p>A finales del invierno y durante la primavera, Espa\u00f1a se llena de fiestas folcl\u00f3ricas y religiosas, que son un placer para el ojo y para el alma. &nbsp; &nbsp; &nbsp; &nbsp; &nbsp; &nbsp; &nbsp; &nbsp; Las principales fiestas en la primavera de 2018 son: Carnavales (varias ciudades): alrededor del 11 febrero 2018 Semana Santa (varias [&hellip;]<\/p>\n","protected":false},"author":1,"featured_media":0,"comment_status":"open","ping_status":"open","sticky":false,"template":"","format":"standard","meta":{"_acf_changed":false,"footnotes":""},"categories":[1],"tags":[],"class_list":["post-5352","post","type-post","status-publish","format-standard","hentry","category-sin-categoria"],"acf":[],"_links":{"self":[{"href":"https:\/\/www.idiliospain.com\/es\/wp-json\/wp\/v2\/posts\/5352","targetHints":{"allow":["GET"]}}],"collection":[{"href":"https:\/\/www.idiliospain.com\/es\/wp-json\/wp\/v2\/posts"}],"about":[{"href":"https:\/\/www.idiliospain.com\/es\/wp-json\/wp\/v2\/types\/post"}],"author":[{"embeddable":true,"href":"https:\/\/www.idiliospain.com\/es\/wp-json\/wp\/v2\/users\/1"}],"replies":[{"embeddable":true,"href":"https:\/\/www.idiliospain.com\/es\/wp-json\/wp\/v2\/comments?post=5352"}],"version-history":[{"count":25,"href":"https:\/\/www.idiliospain.com\/es\/wp-json\/wp\/v2\/posts\/5352\/revisions"}],"predecessor-version":[{"id":6266,"href":"https:\/\/www.idiliospain.com\/es\/wp-json\/wp\/v2\/posts\/5352\/revisions\/6266"}],"wp:attachment":[{"href":"https:\/\/www.idiliospain.com\/es\/wp-json\/wp\/v2\/media?parent=5352"}],"wp:term":[{"taxonomy":"category","embeddable":true,"href":"https:\/\/www.idiliospain.com\/es\/wp-json\/wp\/v2\/categories?post=5352"},{"taxonomy":"post_tag","embeddable":true,"href":"https:\/\/www.idiliospain.com\/es\/wp-json\/wp\/v2\/tags?post=5352"}],"curies":[{"name":"wp","href":"https:\/\/api.w.org\/{rel}","templated":true}]}}